{"id":556,"date":"2023-05-01T10:40:00","date_gmt":"2023-05-01T10:40:00","guid":{"rendered":"https:\/\/news.linkpc.net\/w7\/2023\/05\/01\/lingua-presa-o-que-causa-e-como-tratar\/"},"modified":"2023-05-01T10:40:00","modified_gmt":"2023-05-01T10:40:00","slug":"lingua-presa-o-que-causa-e-como-tratar","status":"publish","type":"post","link":"https:\/\/news.linkpc.net\/w7\/2023\/05\/lingua-presa-o-que-causa-e-como-tratar\/","title":{"rendered":"L\u00edngua presa: o que causa e como tratar?"},"content":{"rendered":"<p>\t\t\t\t\t\t\t\t\t\t<audio controls class=\"b61_audio_player\" data-noticia=\"61854\" src=\"https:\/\/brasil61.com\/rails\/active_storage\/blobs\/eyJfcmFpbHMiOnsibWVzc2FnZSI6IkJBaHBBOElSQWc9PSIsImV4cCI6bnVsbCwicHVyIjoiYmxvYl9pZCJ9fQ==--973f04d00a4c13fbee600f1ef8de2d1a6c1563b6\/BLOG230409A\"><\/audio><\/p>\n<p>L\u00edngua presa \u00e9 quando o freio, localizado embaixo da l\u00edngua, \u00e9 mais curto e apertado do que o normal, prejudicando o movimento deste membro.<\/p>\n<p>Embora a l\u00edngua presa n\u00e3o seja um problema grave, ela prejudica situa\u00e7\u00f5es como:<\/p>\n<p>\u2022\u00a0\u00a0 \u00a0Amamenta\u00e7\u00e3o do beb\u00ea;<br \/>\n\u2022\u00a0\u00a0 \u00a0Desenvolvimento dent\u00e1rio;<br \/>\n\u2022\u00a0\u00a0 \u00a0Desenvolvimento da fala.<\/p>\n<h2>Diagn\u00f3stico<\/h2>\n<p>O m\u00e9dico pediatra realiza o exame f\u00edsico assim que o beb\u00ea nasce, j\u00e1 que o diagn\u00f3stico \u00e9 mais comum nos pequenos. No entanto, ele pode ocorrer tamb\u00e9m na fase adulta. Se voc\u00ea tiver essa suspeita, busque ajuda de um otorrinolaringologista.<\/p>\n<h2>Tratamento<\/h2>\n<p>O tratamento varia conforme o grau da l\u00edngua presa, por isso, em alguns casos \u00e9 necess\u00e1rio a realiza\u00e7\u00e3o de cirurgia para fazer um corte no freio embaixo da l\u00edngua e permitir o movimento.<\/p>\n<p>Saiba mais sobre este assunto. Assista ao Canal Doutor Ajuda.<\/p>\n<\/p>\n<p>\t\t\t\t\t\t\t\t\t<img loading=\"lazy\" decoding=\"async\" src=\"data:image\/gif;base64,R0lGODlhAQABAIAAAAAAAP\/\/\/ywAAAAAAQABAAACAUwAOw==\" fifu-lazy=\"1\" fifu-data-sizes=\"auto\" fifu-data-srcset=\"https:\/\/i1.wp.com\/brasil61.com\/api\/v1\/serve_pixel\/20145\/61854?ssl=1&w=75&resize=75&ssl=1 75w, https:\/\/i1.wp.com\/brasil61.com\/api\/v1\/serve_pixel\/20145\/61854?ssl=1&w=100&resize=100&ssl=1 100w, https:\/\/i1.wp.com\/brasil61.com\/api\/v1\/serve_pixel\/20145\/61854?ssl=1&w=150&resize=150&ssl=1 150w, https:\/\/i1.wp.com\/brasil61.com\/api\/v1\/serve_pixel\/20145\/61854?ssl=1&w=240&resize=240&ssl=1 240w, https:\/\/i1.wp.com\/brasil61.com\/api\/v1\/serve_pixel\/20145\/61854?ssl=1&w=320&resize=320&ssl=1 320w, https:\/\/i1.wp.com\/brasil61.com\/api\/v1\/serve_pixel\/20145\/61854?ssl=1&w=500&resize=500&ssl=1 500w, https:\/\/i1.wp.com\/brasil61.com\/api\/v1\/serve_pixel\/20145\/61854?ssl=1&w=640&resize=640&ssl=1 640w, https:\/\/i1.wp.com\/brasil61.com\/api\/v1\/serve_pixel\/20145\/61854?ssl=1&w=800&resize=800&ssl=1 800w, https:\/\/i1.wp.com\/brasil61.com\/api\/v1\/serve_pixel\/20145\/61854?ssl=1&w=1024&resize=1024&ssl=1 1024w, https:\/\/i1.wp.com\/brasil61.com\/api\/v1\/serve_pixel\/20145\/61854?ssl=1&w=1280&resize=1280&ssl=1 1280w, https:\/\/i1.wp.com\/brasil61.com\/api\/v1\/serve_pixel\/20145\/61854?ssl=1&w=1600&resize=1600&ssl=1 1600w\" fifu-data-src=\"https:\/\/i1.wp.com\/brasil61.com\/api\/v1\/serve_pixel\/20145\/61854?ssl=1\" alt=\"Pixel Brasil 61\" class=\"b61_pixel\" width=\"0\" height=\"0\"><\/p>\n<div class=\"br61_backlink\">\n<p>\n\t\t\t\tFonte: <a href=\"https:\/\/brasil61.com\/lingua-presa-o-que-causa-e-como-tratar-blog230409\" title=\"Artigo Original: L\u00edngua presa: o que causa e como tratar?\" target=\"_blank\" rel=\"noopener\">Brasil 61<\/a>\n\t\t\t<\/p>\n<\/p><\/div>\n<input type=\"hidden\" id=\"baseurl\" value=\"https:\/\/news.linkpc.net\/w7\"><input type=\"hidden\" id=\"audio_nonce\" value=\"65d3ccf8c1\">","protected":false},"excerpt":{"rendered":"<p>Neste epis\u00f3dio, a otorrinolaringologista Dra. Tatiane Abdo falar\u00e1 sobre l\u00edngua presa<\/p>\n","protected":false},"author":1,"featured_media":0,"comment_status":"","ping_status":"","sticky":false,"template":"","format":"standard","meta":{"fifu_image_url":"","fifu_image_alt":"","footnotes":""},"categories":[1],"tags":[],"class_list":["post-556","post","type-post","status-publish","format-standard","hentry","category-atualizadas"],"_links":{"self":[{"href":"https:\/\/news.linkpc.net\/w7\/wp-json\/wp\/v2\/posts\/556","targetHints":{"allow":["GET"]}}],"collection":[{"href":"https:\/\/news.linkpc.net\/w7\/wp-json\/wp\/v2\/posts"}],"about":[{"href":"https:\/\/news.linkpc.net\/w7\/wp-json\/wp\/v2\/types\/post"}],"author":[{"embeddable":true,"href":"https:\/\/news.linkpc.net\/w7\/wp-json\/wp\/v2\/users\/1"}],"replies":[{"embeddable":true,"href":"https:\/\/news.linkpc.net\/w7\/wp-json\/wp\/v2\/comments?post=556"}],"version-history":[{"count":0,"href":"https:\/\/news.linkpc.net\/w7\/wp-json\/wp\/v2\/posts\/556\/revisions"}],"wp:attachment":[{"href":"https:\/\/news.linkpc.net\/w7\/wp-json\/wp\/v2\/media?parent=556"}],"wp:term":[{"taxonomy":"category","embeddable":true,"href":"https:\/\/news.linkpc.net\/w7\/wp-json\/wp\/v2\/categories?post=556"},{"taxonomy":"post_tag","embeddable":true,"href":"https:\/\/news.linkpc.net\/w7\/wp-json\/wp\/v2\/tags?post=556"}],"curies":[{"name":"wp","href":"https:\/\/api.w.org\/{rel}","templated":true}]}}