{"id":13479,"date":"2026-04-02T13:42:30","date_gmt":"2026-04-02T13:42:30","guid":{"rendered":"https:\/\/news.linkpc.net\/w7\/2026\/04\/exposicao-hello-kitty-parade-e-estendida-em-blumenau\/"},"modified":"2026-04-02T13:42:30","modified_gmt":"2026-04-02T13:42:30","slug":"exposicao-hello-kitty-parade-e-estendida-em-blumenau","status":"publish","type":"post","link":"https:\/\/news.linkpc.net\/w7\/2026\/04\/exposicao-hello-kitty-parade-e-estendida-em-blumenau\/","title":{"rendered":"Exposi\u00e7\u00e3o \u201cHello Kitty Parade\u201d \u00e9 estendida em Blumenau"},"content":{"rendered":"<div style=\"text-align:center\"><img loading=\"lazy\" decoding=\"async\" src=\"data:image\/gif;base64,R0lGODlhAQABAIAAAAAAAP\/\/\/ywAAAAAAQABAAACAUwAOw==\" fifu-lazy=\"1\" fifu-data-sizes=\"auto\" fifu-data-srcset=\"https:\/\/i2.wp.com\/news.linkpc.net\/w7\/wp-content\/uploads\/2026\/04\/exposicao-hello-kitty-parade-e-estendida-em-blumenau.jpg?ssl=1&w=75&resize=75&ssl=1 75w, https:\/\/i2.wp.com\/news.linkpc.net\/w7\/wp-content\/uploads\/2026\/04\/exposicao-hello-kitty-parade-e-estendida-em-blumenau.jpg?ssl=1&w=100&resize=100&ssl=1 100w, https:\/\/i2.wp.com\/news.linkpc.net\/w7\/wp-content\/uploads\/2026\/04\/exposicao-hello-kitty-parade-e-estendida-em-blumenau.jpg?ssl=1&w=150&resize=150&ssl=1 150w, https:\/\/i2.wp.com\/news.linkpc.net\/w7\/wp-content\/uploads\/2026\/04\/exposicao-hello-kitty-parade-e-estendida-em-blumenau.jpg?ssl=1&w=240&resize=240&ssl=1 240w, https:\/\/i2.wp.com\/news.linkpc.net\/w7\/wp-content\/uploads\/2026\/04\/exposicao-hello-kitty-parade-e-estendida-em-blumenau.jpg?ssl=1&w=320&resize=320&ssl=1 320w, https:\/\/i2.wp.com\/news.linkpc.net\/w7\/wp-content\/uploads\/2026\/04\/exposicao-hello-kitty-parade-e-estendida-em-blumenau.jpg?ssl=1&w=500&resize=500&ssl=1 500w, https:\/\/i2.wp.com\/news.linkpc.net\/w7\/wp-content\/uploads\/2026\/04\/exposicao-hello-kitty-parade-e-estendida-em-blumenau.jpg?ssl=1&w=640&resize=640&ssl=1 640w, https:\/\/i2.wp.com\/news.linkpc.net\/w7\/wp-content\/uploads\/2026\/04\/exposicao-hello-kitty-parade-e-estendida-em-blumenau.jpg?ssl=1&w=800&resize=800&ssl=1 800w, https:\/\/i2.wp.com\/news.linkpc.net\/w7\/wp-content\/uploads\/2026\/04\/exposicao-hello-kitty-parade-e-estendida-em-blumenau.jpg?ssl=1&w=1024&resize=1024&ssl=1 1024w, https:\/\/i2.wp.com\/news.linkpc.net\/w7\/wp-content\/uploads\/2026\/04\/exposicao-hello-kitty-parade-e-estendida-em-blumenau.jpg?ssl=1&w=1280&resize=1280&ssl=1 1280w, https:\/\/i2.wp.com\/news.linkpc.net\/w7\/wp-content\/uploads\/2026\/04\/exposicao-hello-kitty-parade-e-estendida-em-blumenau.jpg?ssl=1&w=1600&resize=1600&ssl=1 1600w\" width=\"960\" height=\"925\" fifu-data-src=\"https:\/\/i2.wp.com\/news.linkpc.net\/w7\/wp-content\/uploads\/2026\/04\/exposicao-hello-kitty-parade-e-estendida-em-blumenau.jpg?ssl=1\" class=\"attachment-post-thumbnail size-post-thumbnail wp-post-image\" alt=\"Exposi\u00e7\u00e3o \u201cHello Kitty Parade\u201d \u00e9 estendida em Blumenau\" title=\"Exposi\u00e7\u00e3o \u201cHello Kitty Parade\u201d \u00e9 estendida em Blumenau\" srcset=\"https:\/\/i2.wp.com\/news.linkpc.net\/w7\/wp-content\/uploads\/2026\/04\/exposicao-hello-kitty-parade-e-estendida-em-blumenau.jpg?ssl=1 960w, https:\/\/news.linkpc.net\/w7\/wp-content\/uploads\/2026\/04\/exposicao-hello-kitty-parade-e-estendida-em-blumenau-300x289.jpg 300w, https:\/\/news.linkpc.net\/w7\/wp-content\/uploads\/2026\/04\/exposicao-hello-kitty-parade-e-estendida-em-blumenau-768x740.jpg 768w\" sizes=\"auto, (max-width: 960px) 100vw, 960px\" \/><\/div><p>Exposi\u00e7\u00e3o &#8220;Hello Kitty Parade&#8221; \u00e9 estendida em Blumenau. <em>A atra\u00e7\u00e3o segue no Shopping H at\u00e9 o dia 12 de abril, com entrada gratuita<\/em><\/p>\n<p>Quem ainda n\u00e3o visitou a personagem mais fofa do mundo \u2014 ou deseja rev\u00ea-la \u2014 ganhou uma nova oportunidade em Blumenau. O sucesso da<strong>&nbsp;<\/strong><a href=\"https:\/\/grupoodp.com.br\/exposicao-gratuita-da-hello-kitty-e-atracao-em-blumenau-em-marco\/\" target=\"_blank\" rel=\"noreferrer noopener\"><strong>Hello&nbsp;Kitty Parade<\/strong><\/a>&nbsp;garantiu&nbsp;mais dias&nbsp;para a&nbsp;atra\u00e7\u00e3o,&nbsp;que segue aberta ao p\u00fablico at\u00e9 o dia 12 de abril, no&nbsp;<a href=\"https:\/\/shoppingh.com.br\/\" target=\"_blank\" rel=\"noreferrer noopener\">Shopping H<\/a>.&nbsp;<\/p>\n<p>Com 24 esculturas de 1,40&nbsp;metro, personalizadas por artistas de diferentes regi\u00f5es do Brasil, a exposi\u00e7\u00e3o transforma o espa\u00e7o em um circuito de arte e cultura pop, atraindo visitantes de todas as idades. Desde a abertura, a&nbsp;Hello&nbsp;Kitty Parade vem registrando grande p\u00fablico e&nbsp;movimentando&nbsp;as redes sociais, com fotos e v\u00eddeos compartilhados pelos visitantes.&nbsp;<\/p>\n<p>Gratuita e interativa, a mostra convida o p\u00fablico a percorrer os corredores&nbsp;do shopping, explorar as diferentes releituras da personagem&nbsp;criada&nbsp;pela&nbsp;Sanrio&nbsp;e conhecer mais sobre o processo criativo por tr\u00e1s de cada obra.&nbsp;<\/p>\n<p><strong>Servi\u00e7o<\/strong>&nbsp;<br \/><strong>O qu\u00ea:&nbsp;<\/strong>Exposi\u00e7\u00e3o&nbsp;Hello&nbsp;Kitty Parade&nbsp;<br \/><strong>Quando:&nbsp;<\/strong>at\u00e9 12 de abril&nbsp;&#8211;&nbsp;de segunda&nbsp;a&nbsp;sexta&nbsp;das 9h \u00e0s 20h. Aos s\u00e1bados e domingos das 9h \u00e0s 17h.&nbsp;<br \/><strong>Onde:<\/strong>&nbsp;Shopping H \u2013 Blumenau (SC)&nbsp;<br \/><strong>Entrada gratuita<\/strong>&nbsp;<\/p>\n<figure class=\"wp-block-image size-full\"><img src=\"data:image\/gif;base64,R0lGODlhAQABAIAAAAAAAP\/\/\/ywAAAAAAQABAAACAUwAOw==\" fifu-lazy=\"1\" fifu-data-sizes=\"auto\" fifu-data-srcset=\"https:\/\/i3.wp.com\/grupoodp.com.br\/wp-content\/uploads\/2026\/04\/Foto-008-2026-Hello-Kitty-Parade-Estendida-.jpg?ssl=1&w=75&resize=75&ssl=1 75w, https:\/\/i3.wp.com\/grupoodp.com.br\/wp-content\/uploads\/2026\/04\/Foto-008-2026-Hello-Kitty-Parade-Estendida-.jpg?ssl=1&w=100&resize=100&ssl=1 100w, https:\/\/i3.wp.com\/grupoodp.com.br\/wp-content\/uploads\/2026\/04\/Foto-008-2026-Hello-Kitty-Parade-Estendida-.jpg?ssl=1&w=150&resize=150&ssl=1 150w, https:\/\/i3.wp.com\/grupoodp.com.br\/wp-content\/uploads\/2026\/04\/Foto-008-2026-Hello-Kitty-Parade-Estendida-.jpg?ssl=1&w=240&resize=240&ssl=1 240w, https:\/\/i3.wp.com\/grupoodp.com.br\/wp-content\/uploads\/2026\/04\/Foto-008-2026-Hello-Kitty-Parade-Estendida-.jpg?ssl=1&w=320&resize=320&ssl=1 320w, https:\/\/i3.wp.com\/grupoodp.com.br\/wp-content\/uploads\/2026\/04\/Foto-008-2026-Hello-Kitty-Parade-Estendida-.jpg?ssl=1&w=500&resize=500&ssl=1 500w, https:\/\/i3.wp.com\/grupoodp.com.br\/wp-content\/uploads\/2026\/04\/Foto-008-2026-Hello-Kitty-Parade-Estendida-.jpg?ssl=1&w=640&resize=640&ssl=1 640w, https:\/\/i3.wp.com\/grupoodp.com.br\/wp-content\/uploads\/2026\/04\/Foto-008-2026-Hello-Kitty-Parade-Estendida-.jpg?ssl=1&w=800&resize=800&ssl=1 800w, https:\/\/i3.wp.com\/grupoodp.com.br\/wp-content\/uploads\/2026\/04\/Foto-008-2026-Hello-Kitty-Parade-Estendida-.jpg?ssl=1&w=1024&resize=1024&ssl=1 1024w, https:\/\/i3.wp.com\/grupoodp.com.br\/wp-content\/uploads\/2026\/04\/Foto-008-2026-Hello-Kitty-Parade-Estendida-.jpg?ssl=1&w=1280&resize=1280&ssl=1 1280w, https:\/\/i3.wp.com\/grupoodp.com.br\/wp-content\/uploads\/2026\/04\/Foto-008-2026-Hello-Kitty-Parade-Estendida-.jpg?ssl=1&w=1600&resize=1600&ssl=1 1600w\" loading=\"lazy\" decoding=\"async\" width=\"960\" height=\"925\" fifu-data-src=\"https:\/\/i3.wp.com\/grupoodp.com.br\/wp-content\/uploads\/2026\/04\/Foto-008-2026-Hello-Kitty-Parade-Estendida-.jpg?ssl=1\" alt=\"Exposi\u00e7\u00e3o \"Hello Kitty Parade\" \u00e9 estendida em Blumenau. A atra\u00e7\u00e3o segue no Shopping H at\u00e9 o dia 12 de abril, com entrada gratuita\" class=\"wp-image-60967\" srcset=\"https:\/\/i3.wp.com\/grupoodp.com.br\/wp-content\/uploads\/2026\/04\/Foto-008-2026-Hello-Kitty-Parade-Estendida-.jpg?ssl=1 960w, https:\/\/grupoodp.com.br\/wp-content\/uploads\/2026\/04\/Foto-008-2026-Hello-Kitty-Parade-Estendida--300x289.jpg 300w, https:\/\/grupoodp.com.br\/wp-content\/uploads\/2026\/04\/Foto-008-2026-Hello-Kitty-Parade-Estendida--768x740.jpg 768w\" sizes=\"auto, (max-width: 960px) 100vw, 960px\" \/><\/figure>\n<ul class=\"wp-block-list\">\n<li><strong>Informa\u00e7\u00f5es para a imprensa \u2013&nbsp;<\/strong><a href=\"http:\/\/www.grupoodp.com.br\/\" target=\"_blank\" rel=\"noreferrer noopener\"><strong>Oficina das Palavras<\/strong><\/a><strong>:<\/strong>&nbsp;&nbsp;<\/li>\n<li>Amabile&nbsp;Fernandes \u2013&nbsp;<a href=\"mailto:amabile@grupoodp.com.br\">amabile@grupoodp.com.br<\/a>&nbsp;\u2013 +55 (47) 3170-0082&nbsp;&nbsp;<\/li>\n<\/ul>\n<p><a href=\"https:\/\/shoppingh.com.br\/\" target=\"_blank\" rel=\"noreferrer noopener\"><strong>Shopping<\/strong>&nbsp;<strong>H<\/strong><\/a>&nbsp;&nbsp;<br \/>Rua XV de Novembro, 759 \u2013 Centro&nbsp;&nbsp;<\/p>\n<p><!--  Conte\u00fado enviado por&nbsp;<a href=\"http:\/\/www.grupoodp.com.br\/\" target=\"_blank\" rel=\"noreferrer noopener\"><strong>Oficina das Palavras \u2013 Comunica\u00e7\u00e3o para Neg\u00f3cios<\/strong><\/a>&nbsp;(ODP Comunica\u00e7\u00e3o LTDA Me, CNPJ 16.757.842\/0001-22). Se deseja n\u00e3o receber mais mensagens como esta,&nbsp;<a href=\"mailto:oficina.palavras@grupoodp.com.br\"><strong>clique aqui<\/strong><\/a>&nbsp;e informe \u201cretirar da lista de contatos   -->\u201d&nbsp;&nbsp;<\/p>\n<p><!--  <a href=\"https:\/\/grupoodp.com.br\/exposicao-hello-kitty-parade-e-estendida-em-blumenau\/\">Exposi\u00e7\u00e3o &#8220;Hello Kitty Parade&#8221; \u00e9 estendida em Blumenau<\/a> apareceu primeiro em <a href=\"https:\/\/grupoodp.com.br\">Oficina das Palavras &#8211; Assessoria de Imprensa, Produ\u00e7\u00e3o de Conte\u00fado e Redes Sociais<\/a>.<\/p>\n<input type=\"hidden\" id=\"baseurl\" value=\"https:\/\/news.linkpc.net\/w7\"><input type=\"hidden\" id=\"audio_nonce\" value=\"833ab8ba38\">","protected":false},"excerpt":{"rendered":"<p>Exposi\u00e7\u00e3o &#8220;Hello Kitty Parade&#8221; \u00e9 estendida em Blumenau. A atra\u00e7\u00e3o segue no Shopping H at\u00e9 o dia 12 de abril, com entrada gratuita Quem ainda n\u00e3o visitou a personagem mais fofa do mundo \u2014 ou deseja rev\u00ea-la \u2014 ganhou uma nova oportunidade em Blumenau. O sucesso da&nbsp;Hello&nbsp;Kitty Parade&nbsp;garantiu&nbsp;mais dias&nbsp;para a&nbsp;atra\u00e7\u00e3o,&nbsp;que segue aberta ao p\u00fablico at\u00e9 [&hellip;]<\/p>\n","protected":false},"author":1,"featured_media":13481,"comment_status":"closed","ping_status":"closed","sticky":false,"template":"Default","format":"standard","meta":{"fifu_image_url":"https:\/\/grupoodp.com.br\/wp-content\/uploads\/2026\/04\/Foto-008-2026-Hello-Kitty-Parade-Estendida-.jpg","fifu_image_alt":"","footnotes":""},"categories":[1],"tags":[2],"class_list":["post-13479","post","type-post","status-publish","format-standard","has-post-thumbnail","hentry","category-atualizadas","tag-brasil"],"_links":{"self":[{"href":"https:\/\/news.linkpc.net\/w7\/wp-json\/wp\/v2\/posts\/13479","targetHints":{"allow":["GET"]}}],"collection":[{"href":"https:\/\/news.linkpc.net\/w7\/wp-json\/wp\/v2\/posts"}],"about":[{"href":"https:\/\/news.linkpc.net\/w7\/wp-json\/wp\/v2\/types\/post"}],"author":[{"embeddable":true,"href":"https:\/\/news.linkpc.net\/w7\/wp-json\/wp\/v2\/users\/1"}],"replies":[{"embeddable":true,"href":"https:\/\/news.linkpc.net\/w7\/wp-json\/wp\/v2\/comments?post=13479"}],"version-history":[{"count":0,"href":"https:\/\/news.linkpc.net\/w7\/wp-json\/wp\/v2\/posts\/13479\/revisions"}],"wp:featuredmedia":[{"embeddable":true,"href":"https:\/\/news.linkpc.net\/w7\/wp-json\/wp\/v2\/media\/13481"}],"wp:attachment":[{"href":"https:\/\/news.linkpc.net\/w7\/wp-json\/wp\/v2\/media?parent=13479"}],"wp:term":[{"taxonomy":"category","embeddable":true,"href":"https:\/\/news.linkpc.net\/w7\/wp-json\/wp\/v2\/categories?post=13479"},{"taxonomy":"post_tag","embeddable":true,"href":"https:\/\/news.linkpc.net\/w7\/wp-json\/wp\/v2\/tags?post=13479"}],"curies":[{"name":"wp","href":"https:\/\/api.w.org\/{rel}","templated":true}]}}